{"id":7,"__str__":"AUDI\u00caNCIA P\u00daBLICA SOBRE AUS\u00caNCIA DO TRANSPORTE UNIVERSIT\u00c1RIO MUNICIPAL DE FLORESTA-PE","link_detail_backend":"/audiencia/7","metadata":{},"numero":1,"ano":2024,"nome":"AUDI\u00caNCIA P\u00daBLICA SOBRE AUS\u00caNCIA DO TRANSPORTE UNIVERSIT\u00c1RIO MUNICIPAL DE FLORESTA-PE","tema":"AUS\u00caNCIA DO TRANSPORTE UNIVERSIT\u00c1RIO MUNICIPAL DE FLORESTA-PE","data":"2024-03-04","hora_inicio":"11:00","hora_fim":"","observacao":"","audiencia_cancelada":false,"url_audio":"","url_video":"https://www.youtube.com/watch?v=rXXCwqCIdL8","upload_pauta":"http://sapl.floresta.pe.leg.br/media/sapl/public/audienciapublica/7/pauta/pauta_da_audiencia_-_ausencia_do_transporte_universitario_municipal_2024.doc","upload_ata":null,"upload_anexo":null,"materia":6234,"tipo":1,"parlamentar_autor":null,"requerimento":null}