{"id":1547,"__str__":"Indica\u00e7\u00e3o n\u00ba 7 de 2009","link_detail_backend":"/materia/1547","metadata":{},"numero":7,"ano":2009,"numero_protocolo":null,"data_apresentacao":"2009-02-11","tipo_apresentacao":"E","data_publicacao":null,"numero_origem_externa":"","ano_origem_externa":null,"data_origem_externa":null,"apelido":"","dias_prazo":null,"data_fim_prazo":null,"em_tramitacao":false,"polemica":null,"objeto":"","complementar":null,"ementa":"INDICO \u00c0 MESA, OUVIDO O PLEN\u00c1RIO E CUMPRIDAS AS FORMALIDADES LEGAIS E REGIMENTAIS, SEJA FORMULADO APELO \u00c0 EXMA. SRA. PREFEITA DO MUNIC\u00cdPIO DE FLORESTA - ROS\u00c2NGELA DE MOURA MANI\u00c7OBA NOVAES FERRAZ, NO SENTIDO DE QUE O DECRETO N\u00b0 5.296/04, REFERENTE \u00c0 ACESSIBILIDADE DAS PESSOAS COM DEFICI\u00caNCIAS, SEJA COLOCADO EM PR\u00c1TICA EM NOSSA CIDADE.","indexacao":"","observacao":"","resultado":"","texto_original":"http://sapl.floresta.pe.leg.br/media/sapl/public/materialegislativa/2009/1547/1547_texto_integral.pdf","data_ultima_atualizacao":"2018-09-28T15:14:17.791727-03:00","ip":"","ultima_edicao":null,"tipo":8,"regime_tramitacao":1,"tipo_origem_externa":null,"local_origem_externa":null,"user":null,"anexadas":[],"autores":[]}