{"id":1653,"__str__":"Indica\u00e7\u00e3o n\u00ba 100 de 2009","link_detail_backend":"/materia/1653","metadata":{},"numero":100,"ano":2009,"numero_protocolo":null,"data_apresentacao":"2009-06-04","tipo_apresentacao":"E","data_publicacao":null,"numero_origem_externa":"","ano_origem_externa":null,"data_origem_externa":null,"apelido":"","dias_prazo":null,"data_fim_prazo":null,"em_tramitacao":false,"polemica":null,"objeto":"","complementar":null,"ementa":"INDICO \u00c0 MESA, OUVIDO O PLEN\u00c1RIO E OBSERVANDO AS FORMALIDADES REGIMENTAIS, SEJA FORMULADO APELO \u00c0 EXMA. SRA. PREFEITA ROS\u00c2NGELA DE MOURA MANI\u00c7OBA NOVAES FERRAZ, NO SENTIDO DE QUE SEJAM COLOCADAS GRADES PROTETORAS NOS JARDINS DA PRA\u00c7A DA AV. DEP. AUDOMAR FERRAZ.","indexacao":"","observacao":"","resultado":"","texto_original":"http://sapl.floresta.pe.leg.br/media/sapl/public/materialegislativa/2009/1653/1653_texto_integral.pdf","data_ultima_atualizacao":"2018-09-28T15:14:17.652455-03:00","ip":"","ultima_edicao":null,"tipo":8,"regime_tramitacao":1,"tipo_origem_externa":null,"local_origem_externa":null,"user":null,"anexadas":[],"autores":[]}