{"id":1683,"__str__":"Indica\u00e7\u00e3o n\u00ba 26 de 2009","link_detail_backend":"/materia/1683","metadata":{},"numero":26,"ano":2009,"numero_protocolo":null,"data_apresentacao":"2009-03-10","tipo_apresentacao":"E","data_publicacao":null,"numero_origem_externa":"","ano_origem_externa":null,"data_origem_externa":null,"apelido":"","dias_prazo":null,"data_fim_prazo":null,"em_tramitacao":false,"polemica":null,"objeto":"","complementar":null,"ementa":"INDICO \u00c0 MESA, OUVIDO O PLEN\u00c1RIO E SATOSFEITAS AS EXIG\u00caNCIAS QUE SE RECOMENDAM, SEJA FEITO POR ESTA CASA LEGISLATIVA UM APELO \u00c0 EXMA. SRA. JU\u00cdZA DE DIREITO DA COMARCA DE FLORESTA, DRA. ANA PAULA BORGES COUTINHO, NO SENTIDO DE QUE RENOVE, POR PORTARIA OU POR QUALQUER DOS MEIOS EFICIENTES, A DETERMINA\u00c7\u00c3O LIBERAT\u00d3RIA DO USO DE CAPACETE PELOS MOTO-TAXISTAS E PELOS SEUS TRANSPORTADOS NAS RUAS DO PER\u00cdMETRO URBANO DE NOSSA CIDADE, \u00c0 EXCE\u00c7\u00c3O DOS QUE TRAFEGAM PELAS RODOVIAS (BR, PE E AVENIDA DE ACESSO).","indexacao":"","observacao":"","resultado":"","texto_original":"http://sapl.floresta.pe.leg.br/media/sapl/public/materialegislativa/2009/1683/1683_texto_integral.pdf","data_ultima_atualizacao":"2018-09-28T15:14:17.636329-03:00","ip":"","ultima_edicao":null,"tipo":8,"regime_tramitacao":1,"tipo_origem_externa":null,"local_origem_externa":null,"user":null,"anexadas":[],"autores":[]}