{"id":3786,"__str__":"Parecer da Comiss\u00e3o de Seguridade Social  Sa\u00fade, P n\u00ba 15 de 2019","link_detail_backend":"/materia/3786","metadata":{},"numero":15,"ano":2019,"numero_protocolo":null,"data_apresentacao":"2019-09-23","tipo_apresentacao":"O","data_publicacao":null,"numero_origem_externa":"","ano_origem_externa":null,"data_origem_externa":null,"apelido":"","dias_prazo":null,"data_fim_prazo":null,"em_tramitacao":false,"polemica":null,"objeto":"","complementar":null,"ementa":"DA COMISS\u00c3O DE SEGURIDADE SOCIAL \u2013 SA\u00daDE, PREVID\u00caNCIA E ASSIST\u00caNCIA SOCIAL AO PROJETO DE LEI N\u00ba 41/2019, DO VEREADOR FRANCISCO FERRAZ NOVAES NETO, O QUAL \u201cINSTITUI A OBRIGATORIEDADE, DA INCLUS\u00c3O NAS ESCOLAS MUNICIPAIS, CONTE\u00daDO E A\u00c7\u00d5ES QUE TRATAM DA SA\u00daDE BUCAL, COM \u00caNFASE A PREVEN\u00c7\u00c3O DE DOEN\u00c7AS\u201d.","indexacao":"","observacao":"","resultado":"","texto_original":"http://sapl.floresta.pe.leg.br/media/sapl/public/materialegislativa/2019/3786/pars-15-2019.pdf","data_ultima_atualizacao":"2019-10-03T10:50:53.285226-03:00","ip":"45.238.90.157","ultima_edicao":null,"tipo":23,"regime_tramitacao":1,"tipo_origem_externa":null,"local_origem_externa":null,"user":38,"anexadas":[],"autores":[]}