{"id":4086,"__str__":"Parecer da Comiss\u00e3o de Seguridade Social  Sa\u00fade, P n\u00ba 5 de 2020","link_detail_backend":"/materia/4086","metadata":{},"numero":5,"ano":2020,"numero_protocolo":null,"data_apresentacao":"2020-07-31","tipo_apresentacao":"O","data_publicacao":null,"numero_origem_externa":"","ano_origem_externa":null,"data_origem_externa":null,"apelido":"","dias_prazo":null,"data_fim_prazo":null,"em_tramitacao":false,"polemica":null,"objeto":"","complementar":null,"ementa":"DA COMISS\u00c3O DE SEGURIDADE SOCIAL \u2013 SA\u00daDE, PREVID\u00caNCIA E ASSIST\u00caNCIA SOCIAL AO PROJETO DE LEI N\u00ba 26/2020, DO EXECUTIVO MUNICIPAL, O QUAL \u201cABRE NO OR\u00c7AMENTO VIGENTE CR\u00c9DITO ADICIONAL ESPECIAL NO VALOR DE R$ 119.154,00 (CENTO E DEZENOVE MIL E CENTO CINQUENTA E QUATRO REAIS) PARA FUNDO MUNICIPAL DE SA\u00daDE\u201d.","indexacao":"","observacao":"","resultado":"","texto_original":"http://sapl.floresta.pe.leg.br/media/sapl/public/materialegislativa/2020/4086/pars-05-2020.pdf","data_ultima_atualizacao":"2020-08-05T10:02:13.931011-03:00","ip":"45.238.88.190","ultima_edicao":null,"tipo":23,"regime_tramitacao":1,"tipo_origem_externa":null,"local_origem_externa":null,"user":38,"anexadas":[],"autores":[]}