{"id":4168,"__str__":"Parecer da Comiss\u00e3o de Seguridade Social  Sa\u00fade, P n\u00ba 7 de 2020","link_detail_backend":"/materia/4168","metadata":{},"numero":7,"ano":2020,"numero_protocolo":null,"data_apresentacao":"2020-10-26","tipo_apresentacao":"","data_publicacao":null,"numero_origem_externa":"","ano_origem_externa":null,"data_origem_externa":null,"apelido":"","dias_prazo":null,"data_fim_prazo":null,"em_tramitacao":false,"polemica":false,"objeto":"","complementar":false,"ementa":"DA COMISS\u00c3O DE SEGURIDADE SOCIAL \u2013 SA\u00daDE, PREVID\u00caNCIA E ASSIST\u00caNCIA SOCIAL AO PROJETO DE LEI N\u00ba 40/2020, DO VEREADOR GILBERTO QUIRINO DE S\u00c1, O QUAL \u201cINSTITUI O PROGRAMA PRIMEIRO EMPREGO E EST\u00c1GIO NO MUNIC\u00cdPIO DE FLORESTA/PE, PARA FOMENTAR A INSER\u00c7\u00c3O DOS JOVENS E ADULTOS NO MERCADO DE TRABALHO\u201d.","indexacao":"","observacao":"","resultado":"","texto_original":"http://sapl.floresta.pe.leg.br/media/sapl/public/materialegislativa/2020/4168/pars-07-2020.pdf","data_ultima_atualizacao":"2020-10-26T12:51:39.843406-03:00","ip":"45.238.88.18","ultima_edicao":"2020-10-26T12:51:39.734762-03:00","tipo":23,"regime_tramitacao":1,"tipo_origem_externa":null,"local_origem_externa":null,"user":38,"anexadas":[],"autores":[]}