{"id":4195,"__str__":"Parecer de Comiss\u00e3o de Constitui\u00e7\u00e3o, Justi\u00e7a e Red n\u00ba 32 de 2020","link_detail_backend":"/materia/4195","metadata":{},"numero":32,"ano":2020,"numero_protocolo":null,"data_apresentacao":"2020-12-23","tipo_apresentacao":"O","data_publicacao":null,"numero_origem_externa":"","ano_origem_externa":null,"data_origem_externa":null,"apelido":"","dias_prazo":null,"data_fim_prazo":null,"em_tramitacao":false,"polemica":false,"objeto":"","complementar":false,"ementa":"DA COMISS\u00c3O DE CONSTITUI\u00c7\u00c3O, JUSTI\u00c7A E REDA\u00c7\u00c3O AO PROJETO DE LEI N\u00b0 48/2020, DE AUTORIA DO VEREADOR ADAILTO NUNES, DATADO DE 23 DE DEZEMBRO DE 2020.","indexacao":"","observacao":"","resultado":"","texto_original":"http://sapl.floresta.pe.leg.br/media/sapl/public/materialegislativa/2020/4195/parj-32-2020.pdf","data_ultima_atualizacao":"2020-12-28T09:09:16.202517-03:00","ip":"45.238.89.68","ultima_edicao":"2020-12-28T09:07:52.586500-03:00","tipo":13,"regime_tramitacao":1,"tipo_origem_externa":null,"local_origem_externa":null,"user":38,"anexadas":[],"autores":[23]}