{"id":4340,"__str__":"Parecer de Comiss\u00e3o de Constitui\u00e7\u00e3o, Justi\u00e7a e Red n\u00ba 13 de 2021","link_detail_backend":"/materia/4340","metadata":{},"numero":13,"ano":2021,"numero_protocolo":null,"data_apresentacao":"2021-03-24","tipo_apresentacao":"","data_publicacao":null,"numero_origem_externa":"","ano_origem_externa":null,"data_origem_externa":null,"apelido":"","dias_prazo":null,"data_fim_prazo":null,"em_tramitacao":false,"polemica":false,"objeto":"","complementar":false,"ementa":"Da Comiss\u00e3o de Constitui\u00e7\u00e3o, Justi\u00e7a e Reda\u00e7\u00e3o ao Projeto de Resolu\u00e7\u00e3o n\u00ba 03/2021, do Vereador Pedro Gomes Vilarim J\u00fanior, o qual \u201cAltera a Ementa e dispositivos da Resolu\u00e7\u00e3o n\u00ba 03/2020, que disp\u00f5e sobre a institui\u00e7\u00e3o do Pr\u00eamio Medalha de Honra e M\u00e9rito \u201cMaria das Dores\u201d no dia Internacional da Mulher, no Munic\u00edpio de Floresta\u201d.","indexacao":"","observacao":"","resultado":"","texto_original":"http://sapl.floresta.pe.leg.br/media/sapl/public/materialegislativa/2021/4340/parj-13-2021.pdf","data_ultima_atualizacao":"2021-04-13T09:02:37.754802-03:00","ip":"45.238.88.157","ultima_edicao":"2021-04-13T09:02:37.597326-03:00","tipo":13,"regime_tramitacao":1,"tipo_origem_externa":null,"local_origem_externa":null,"user":38,"anexadas":[],"autores":[23]}