{"id":4402,"__str__":"Indica\u00e7\u00e3o n\u00ba 17 de 2021","link_detail_backend":"/materia/4402","metadata":{},"numero":17,"ano":2021,"numero_protocolo":null,"data_apresentacao":"2021-04-14","tipo_apresentacao":"","data_publicacao":null,"numero_origem_externa":"","ano_origem_externa":null,"data_origem_externa":null,"apelido":"","dias_prazo":null,"data_fim_prazo":null,"em_tramitacao":true,"polemica":false,"objeto":"","complementar":false,"ementa":"Indicamos \u00e0 Mesa, ouvido o Plen\u00e1rio e cumpridas as formalidades legais e regimentais, que seja formulado apelo ao Excelent\u00edssimo Senhor Secret\u00e1rio Estadual do Trabalho, Emprego e Qualifica\u00e7\u00e3o de Pernambuco - ALBERES LOPES -, bem como a habitual aten\u00e7\u00e3o especial do Excelent\u00edssimo Senhor Secret\u00e1rio Estadual de Turismo e Lazer \u2013 Rodrigo Novaes, junto ao Governo de Pernambuco, no sentido de PROMOVER CURSOS DE QUALIFICA\u00c7\u00c3O PROFISSIONAL EM NOSSO MUNIC\u00cdPIO, conforme as necessidades aqui existentes.","indexacao":"","observacao":"","resultado":"","texto_original":"http://sapl.floresta.pe.leg.br/media/sapl/public/materialegislativa/2021/4402/ind-17-2021.pdf","data_ultima_atualizacao":"2021-04-19T10:24:24.614425-03:00","ip":"45.238.88.157","ultima_edicao":"2021-04-19T10:23:37.774616-03:00","tipo":8,"regime_tramitacao":1,"tipo_origem_externa":null,"local_origem_externa":null,"user":38,"anexadas":[],"autores":[33,35,43]}