{"id":4451,"__str__":"Requerimento n\u00ba 45 de 2021","link_detail_backend":"/materia/4451","metadata":{},"numero":45,"ano":2021,"numero_protocolo":null,"data_apresentacao":"2021-05-12","tipo_apresentacao":"","data_publicacao":null,"numero_origem_externa":"","ano_origem_externa":null,"data_origem_externa":null,"apelido":"","dias_prazo":null,"data_fim_prazo":null,"em_tramitacao":false,"polemica":false,"objeto":"","complementar":false,"ementa":"Requeremos \u00e0 Mesa, ap\u00f3s ouvido o Plen\u00e1rio e cumpridas as formalidades legais e regimentais, que seja formulado apelo a Ilma. Sra. Aparecida Cristina Novaes de Souza, Secret\u00e1ria Municipal de Educa\u00e7\u00e3o, Cultura, Turismo e Esportes no sentido de nos informar a respeito das medidas que ser\u00e3o adotadas em conjunto com a Secretaria Municipal de Sa\u00fade quanto aos cuidados no retorno \u00e0s aulas presenciais, em se tratando da pandemia.","indexacao":"","observacao":"","resultado":"","texto_original":"http://sapl.floresta.pe.leg.br/media/sapl/public/materialegislativa/2021/4451/req-45-2021.pdf","data_ultima_atualizacao":"2021-05-17T10:26:12.626544-03:00","ip":"45.238.90.222","ultima_edicao":"2021-05-17T10:25:58.754174-03:00","tipo":3,"regime_tramitacao":1,"tipo_origem_externa":null,"local_origem_externa":null,"user":38,"anexadas":[],"autores":[30,11,40,42,41,33,44]}