{"id":4455,"__str__":"Parecer da Comiss\u00e3o de Finan\u00e7as e Or\u00e7amento n\u00ba 12 de 2021","link_detail_backend":"/materia/4455","metadata":{},"numero":12,"ano":2021,"numero_protocolo":null,"data_apresentacao":"2021-05-12","tipo_apresentacao":"","data_publicacao":null,"numero_origem_externa":"","ano_origem_externa":null,"data_origem_externa":null,"apelido":"","dias_prazo":null,"data_fim_prazo":null,"em_tramitacao":false,"polemica":false,"objeto":"","complementar":false,"ementa":"Da Comiss\u00e3o de Finan\u00e7as e Or\u00e7amento ao Veto n\u00ba 001/2021, do Executivo Municipal, referente ao Projeto de Lei n\u00ba 03/2021, que \u201cDisp\u00f5e sobre implanta\u00e7\u00e3o da Avenida de Recreio em via p\u00fablica central da cidade de Floresta/PE\u201d, de autoria do Vereador Pedro Gomes Vilarim J\u00fanior.","indexacao":"","observacao":"","resultado":"","texto_original":null,"data_ultima_atualizacao":"2021-05-13T09:17:07.961244-03:00","ip":"138.122.31.234","ultima_edicao":"2021-05-13T09:15:41.661624-03:00","tipo":14,"regime_tramitacao":1,"tipo_origem_externa":null,"local_origem_externa":null,"user":38,"anexadas":[],"autores":[21]}