{"id":4500,"__str__":"Indica\u00e7\u00e3o n\u00ba 33 de 2021","link_detail_backend":"/materia/4500","metadata":{},"numero":33,"ano":2021,"numero_protocolo":null,"data_apresentacao":"2021-06-18","tipo_apresentacao":"O","data_publicacao":null,"numero_origem_externa":"","ano_origem_externa":null,"data_origem_externa":null,"apelido":"","dias_prazo":null,"data_fim_prazo":null,"em_tramitacao":true,"polemica":false,"objeto":"","complementar":false,"ementa":"Indico \u00e0 Mesa, ouvido o Plen\u00e1rio e cumpridas as formalidades legais e regimentais, que seja formulado apelo ao Excelent\u00edssimo Senhor Secret\u00e1rio Estadual do Trabalho, Emprego e Qualifica\u00e7\u00e3o de Pernambuco - ALBERES LOPES -, bem como ao Excelent\u00edssimo Senhor Secret\u00e1rio Estadual de Turismo e Lazer \u2013 Rodrigo Novaes, no sentido de envidarem esfor\u00e7os junto ao Governo de Pernambuco, para DAR CONTINUIDADE \u00c0 PROMO\u00c7\u00c3O DE CURSOS DE QUALIFICA\u00c7\u00c3O PROFISSIONAL EM NOSSO MUNIC\u00cdPIO, de acordo com as necessidades aqui existentes.","indexacao":"","observacao":"","resultado":"","texto_original":"http://sapl.floresta.pe.leg.br/media/sapl/public/materialegislativa/2021/4500/ind-33-2021.pdf","data_ultima_atualizacao":"2021-07-23T08:18:11.406597-03:00","ip":"45.238.90.142","ultima_edicao":"2021-07-23T08:17:54.833995-03:00","tipo":8,"regime_tramitacao":1,"tipo_origem_externa":null,"local_origem_externa":null,"user":38,"anexadas":[],"autores":[33]}