{"id":4691,"__str__":"Parecer de Comiss\u00e3o de Constitui\u00e7\u00e3o, Justi\u00e7a e Red n\u00ba 55 de 2021","link_detail_backend":"/materia/4691","metadata":{},"numero":55,"ano":2021,"numero_protocolo":null,"data_apresentacao":"2021-08-20","tipo_apresentacao":"","data_publicacao":null,"numero_origem_externa":"","ano_origem_externa":null,"data_origem_externa":null,"apelido":"","dias_prazo":null,"data_fim_prazo":null,"em_tramitacao":false,"polemica":false,"objeto":"","complementar":false,"ementa":"Da Comiss\u00e3o de Constitui\u00e7\u00e3o, Justi\u00e7a e Reda\u00e7\u00e3o ao Projeto de Lei n\u00ba 49/2021, do vereador Marcos Ant\u00f4nio de Carvalho e subscrito por vereadores relacionados na proposi\u00e7\u00e3o, o qual fica \u201cInstitui a implanta\u00e7\u00e3o de faixa de reten\u00e7\u00e3o e recuo exclusivo para bicicletas e motocicletas nas vias p\u00fablicas equipadas com sem\u00e1foro no munic\u00edpio de Floresta-PE\u201d.","indexacao":"","observacao":"","resultado":"","texto_original":"http://sapl.floresta.pe.leg.br/media/sapl/public/materialegislativa/2021/4691/parj-55-2021.pdf","data_ultima_atualizacao":"2021-08-25T12:00:46.432123-03:00","ip":"45.238.91.51","ultima_edicao":"2021-08-25T09:22:00.574878-03:00","tipo":13,"regime_tramitacao":1,"tipo_origem_externa":null,"local_origem_externa":null,"user":38,"anexadas":[],"autores":[23]}