{"id":469,"__str__":"Parecer de Comiss\u00e3o de Constitui\u00e7\u00e3o, Justi\u00e7a e Red n\u00ba 43 de 2014","link_detail_backend":"/materia/469","metadata":{},"numero":43,"ano":2014,"numero_protocolo":null,"data_apresentacao":"2014-09-24","tipo_apresentacao":"E","data_publicacao":null,"numero_origem_externa":"","ano_origem_externa":null,"data_origem_externa":null,"apelido":"","dias_prazo":null,"data_fim_prazo":null,"em_tramitacao":false,"polemica":null,"objeto":"","complementar":null,"ementa":"ESTA COMISS\u00c3O RECEBEU PARA ANALISAR O PROJETO DE EMENDA \u00c0 LEI ORG\u00c2NICA N\u00b0 02/2014, DE AUTORIA DOS VEREADORES MURILO ALEXANDRE DE ALMEIDA, ALBERTO CARLOS DE SOUZA, GUILHERME DE S\u00c1 CAVALCANTI NOVAES, \u00c9ZIO FEITOSA, JARBAS FLORENTINO DE CARVALHO E ROMUALDO GON\u00c7ALVES TORRES, DATADO DE 10 DE SETEMBRO DE 2014, QUE \"ALTERA O T\u00cdTULO II - DA ORGANIZA\u00c7\u00c3O DOS PODERES, CAP\u00cdTULO I - DO PODER LEGISLATIVO - SE\u00c7\u00c3O III - DO FUNCIONAMENTO DA C\u00c2MARA - ART. 31 - \u00a75\u00b0 DA LEI ORG\u00c2NICA.","indexacao":"","observacao":"","resultado":"","texto_original":"http://sapl.floresta.pe.leg.br/media/sapl/public/materialegislativa/2014/469/469_texto_integral.pdf","data_ultima_atualizacao":"2018-09-28T15:14:14.665185-03:00","ip":"","ultima_edicao":null,"tipo":13,"regime_tramitacao":1,"tipo_origem_externa":null,"local_origem_externa":null,"user":null,"anexadas":[],"autores":[]}