{"id":4917,"__str__":"Mo\u00e7\u00e3o n\u00ba 8 de 2021","link_detail_backend":"/materia/4917","metadata":{},"numero":8,"ano":2021,"numero_protocolo":null,"data_apresentacao":"2021-10-27","tipo_apresentacao":"","data_publicacao":null,"numero_origem_externa":"","ano_origem_externa":null,"data_origem_externa":null,"apelido":"","dias_prazo":null,"data_fim_prazo":null,"em_tramitacao":false,"polemica":false,"objeto":"","complementar":false,"ementa":"Solicito \u00e0 Mesa, ouvido o Plen\u00e1rio e cumpridas \u00e0s formalidades legais e regimentais, que seja consignada, na ata dos trabalhos desta Casa Legislativa, MO\u00c7\u00c3O DE APLAUSO, a Escola J\u00falio de Mello, pelos 94 anos de funcionamento, completados no corrente m\u00eas.","indexacao":"","observacao":"","resultado":"","texto_original":"http://sapl.floresta.pe.leg.br/media/sapl/public/materialegislativa/2021/4917/moc-08-2021.pdf","data_ultima_atualizacao":"2021-10-28T10:03:15.031910-03:00","ip":"45.238.89.143","ultima_edicao":"2021-10-28T10:03:02.757829-03:00","tipo":7,"regime_tramitacao":1,"tipo_origem_externa":null,"local_origem_externa":null,"user":38,"anexadas":[],"autores":[43]}