{"id":5129,"__str__":"Pedido de Provid\u00eancia  n\u00ba 22 de 2022","link_detail_backend":"/materia/5129","metadata":{},"numero":22,"ano":2022,"numero_protocolo":null,"data_apresentacao":"2022-02-23","tipo_apresentacao":"","data_publicacao":null,"numero_origem_externa":"","ano_origem_externa":null,"data_origem_externa":null,"apelido":"","dias_prazo":null,"data_fim_prazo":null,"em_tramitacao":false,"polemica":false,"objeto":"","complementar":false,"ementa":"Solicito \u00e0 Mesa, ouvido o Plen\u00e1rio e cumpridas as formalidades legais e regimentais, que seja formulado um APELO a Exm\u00aa. Sr\u00aa. Prefeita do Munic\u00edpio \u2013 Ros\u00e2ngela de Moura Mani\u00e7oba Novaes Ferraz para que atrav\u00e9s da Secretaria Municipal de Planejamento, Obras e Servi\u00e7os P\u00fablicos, realize a retirada de lixo e entulhos na Rua D\u00e1rio Ferraz, ao lado do Mercado P\u00fablico.","indexacao":"","observacao":"","resultado":"","texto_original":"http://sapl.floresta.pe.leg.br/media/sapl/public/materialegislativa/2022/5129/pedido_de_providencia_22_2022.pdf","data_ultima_atualizacao":"2022-06-22T09:38:15.591115-03:00","ip":"45.238.88.165","ultima_edicao":"2022-04-07T11:53:29.637501-03:00","tipo":21,"regime_tramitacao":1,"tipo_origem_externa":null,"local_origem_externa":null,"user":38,"anexadas":[],"autores":[40]}