{"id":5250,"__str__":"Pedido de Provid\u00eancia  n\u00ba 86 de 2022","link_detail_backend":"/materia/5250","metadata":{},"numero":86,"ano":2022,"numero_protocolo":null,"data_apresentacao":"2022-05-18","tipo_apresentacao":"E","data_publicacao":null,"numero_origem_externa":"","ano_origem_externa":null,"data_origem_externa":null,"apelido":"","dias_prazo":null,"data_fim_prazo":null,"em_tramitacao":false,"polemica":false,"objeto":"","complementar":false,"ementa":"Solicito \u00e0 Mesa, depois de ouvido o Plen\u00e1rio e cumpridas as formalidade legais e regimentais, que seja formulado apelo a Excelent\u00edssima Senhora Prefeita, Ros\u00e2ngela de Moura Mani\u00e7oba Novaes Ferraz, para que, atrav\u00e9s da Secretaria respons\u00e1vel, realize a instala\u00e7\u00e3o de grades de prote\u00e7\u00e3o nos canteiros da Pra\u00e7a das Flores, localizada na Rua Capit\u00e3o Euclides de Souza Ferraz, no bairro Centro.","indexacao":"","observacao":"","resultado":"","texto_original":"http://sapl.floresta.pe.leg.br/media/sapl/public/materialegislativa/2022/5250/pedido_de_providencia_no_86_2022_rosa_souza.pdf","data_ultima_atualizacao":"2022-06-22T10:31:53.768173-03:00","ip":"45.238.88.165","ultima_edicao":"2022-05-19T13:04:43.269506-03:00","tipo":21,"regime_tramitacao":1,"tipo_origem_externa":null,"local_origem_externa":null,"user":38,"anexadas":[],"autores":[43]}