{"id":5253,"__str__":"Requerimento n\u00ba 21 de 2022","link_detail_backend":"/materia/5253","metadata":{},"numero":21,"ano":2022,"numero_protocolo":null,"data_apresentacao":"2022-05-18","tipo_apresentacao":"E","data_publicacao":null,"numero_origem_externa":"","ano_origem_externa":null,"data_origem_externa":null,"apelido":"","dias_prazo":null,"data_fim_prazo":null,"em_tramitacao":false,"polemica":false,"objeto":"","complementar":false,"ementa":"Requeiro \u00e0 Mesa, ouvido o Plen\u00e1rio e cumpridas \u00e0s formalidades legais e regimentais, que seja formulado APELO a Exm\u00aa. Sr\u00aa. Prefeita, Ros\u00e2ngela de Moura Mani\u00e7oba Novaes Ferraz, no sentido de nos informar acerca da situa\u00e7\u00e3o do Munic\u00edpio quanto \u00e0s informa\u00e7\u00f5es e os dados cont\u00e1beis, or\u00e7ament\u00e1rios e fiscais, essenciais para a habilita\u00e7\u00e3o do Munic\u00edpio ao recebimento da complementa\u00e7\u00e3o do Valor Aluno Ano Total - VAAT.","indexacao":"","observacao":"","resultado":"","texto_original":"http://sapl.floresta.pe.leg.br/media/sapl/public/materialegislativa/2022/5253/requerimento_no_21_2022.pdf","data_ultima_atualizacao":"2022-06-22T11:26:03.338591-03:00","ip":"45.238.88.165","ultima_edicao":"2022-05-20T11:08:51.619768-03:00","tipo":3,"regime_tramitacao":1,"tipo_origem_externa":null,"local_origem_externa":null,"user":38,"anexadas":[],"autores":[44]}