{"id":5386,"__str__":"Parecer da Comiss\u00e3o de Finan\u00e7as e Or\u00e7amento n\u00ba 21 de 2022","link_detail_backend":"/materia/5386","metadata":{},"numero":21,"ano":2022,"numero_protocolo":null,"data_apresentacao":"2022-07-08","tipo_apresentacao":"","data_publicacao":null,"numero_origem_externa":"","ano_origem_externa":null,"data_origem_externa":null,"apelido":"","dias_prazo":null,"data_fim_prazo":null,"em_tramitacao":false,"polemica":false,"objeto":"","complementar":false,"ementa":"Da Comiss\u00e3o de Finan\u00e7as e Or\u00e7amento ao Projeto de Lei Complementar n\u00ba 01/2022, do EXECUTIVO MUNICIPAL, o qual \u201cAltera a reda\u00e7\u00e3o da Lei Municipal n\u00ba 355/2007, que Modifica o Regime Pr\u00f3prio de Previd\u00eancia Social de Floresta, de acordo com a Emenda Constitucional Federal n\u00ba 103/2019\u201d.","indexacao":"","observacao":"","resultado":"","texto_original":"http://sapl.floresta.pe.leg.br/media/sapl/public/materialegislativa/2022/5386/parf-21-2022.pdf","data_ultima_atualizacao":"2022-07-15T10:39:43.173567-03:00","ip":"45.238.91.34","ultima_edicao":"2022-07-15T10:39:43.067180-03:00","tipo":14,"regime_tramitacao":1,"tipo_origem_externa":null,"local_origem_externa":null,"user":38,"anexadas":[],"autores":[21]}