{"id":5457,"__str__":"Indica\u00e7\u00e3o n\u00ba 11 de 2022","link_detail_backend":"/materia/5457","metadata":{},"numero":11,"ano":2022,"numero_protocolo":null,"data_apresentacao":"2022-09-23","tipo_apresentacao":"","data_publicacao":null,"numero_origem_externa":"","ano_origem_externa":null,"data_origem_externa":null,"apelido":"","dias_prazo":null,"data_fim_prazo":null,"em_tramitacao":true,"polemica":false,"objeto":"","complementar":false,"ementa":"Indicamos \u00e0 Mesa, ap\u00f3s o ouvido o Plen\u00e1rio e cumpridas as formalidade legais e regimentais, que seja formulado um apelo a Exma. Sra. Prefeita, Ros\u00e2ngela de Moura Mani\u00e7oba Novaes Ferraz, no sentido de viabilizar a isen\u00e7\u00e3o da taxa de ilumina\u00e7\u00e3o p\u00fablica em nosso munic\u00edpio, aos cidad\u00e3os contribuintes com renda familiar inferior a 01 (um) sal\u00e1rio m\u00ednimo.","indexacao":"","observacao":"","resultado":"","texto_original":"http://sapl.floresta.pe.leg.br/media/sapl/public/materialegislativa/2022/5457/ind-11-2022.pdf","data_ultima_atualizacao":"2022-10-25T11:50:33.926383-03:00","ip":"45.238.89.246","ultima_edicao":"2022-10-24T13:14:52.499350-03:00","tipo":8,"regime_tramitacao":1,"tipo_origem_externa":null,"local_origem_externa":null,"user":38,"anexadas":[],"autores":[30,11,40,42,41,33,44]}