{"id":548,"__str__":"Parecer de Comiss\u00e3o de Constitui\u00e7\u00e3o, Justi\u00e7a e Red n\u00ba 7 de 2013","link_detail_backend":"/materia/548","metadata":{},"numero":7,"ano":2013,"numero_protocolo":null,"data_apresentacao":"2013-05-06","tipo_apresentacao":"E","data_publicacao":null,"numero_origem_externa":"","ano_origem_externa":null,"data_origem_externa":null,"apelido":"","dias_prazo":null,"data_fim_prazo":null,"em_tramitacao":false,"polemica":false,"objeto":"","complementar":false,"ementa":"ESTA COMISS\u00c3O RECEBEU PARA ANALISAR O PROJETO DE LEI N\u00b0 09/2013, DE AUTORIA DO CHEFE DO EXECUTIVO MUNICIPAL, DATADO DE 18 DE ABRIL DE 2013, O QUAL \"REAJUSTA O PISO SALARIAL DOS CARGOS DE PROFESSORES DA EDUCA\u00c7\u00c3O B\u00c1SICA DO MUNIC\u00cdPIO DE FLORESTA-PE E D\u00c1 OUTRAS PROVID\u00caNCIAS\".","indexacao":"ANALISAR\r\nPROJETO DE LEI N\u00b0 09/2013","observacao":"","resultado":"","texto_original":"http://sapl.floresta.pe.leg.br/media/sapl/public/materialegislativa/2013/548/548_texto_integral.pdf","data_ultima_atualizacao":"2018-09-28T15:14:18.410892-03:00","ip":"","ultima_edicao":null,"tipo":13,"regime_tramitacao":1,"tipo_origem_externa":null,"local_origem_externa":null,"user":null,"anexadas":[],"autores":[]}