{"id":5565,"__str__":"Pedido de Provid\u00eancia  n\u00ba 114 de 2022","link_detail_backend":"/materia/5565","metadata":{},"numero":114,"ano":2022,"numero_protocolo":null,"data_apresentacao":"2022-12-13","tipo_apresentacao":"","data_publicacao":null,"numero_origem_externa":"","ano_origem_externa":null,"data_origem_externa":null,"apelido":"","dias_prazo":null,"data_fim_prazo":null,"em_tramitacao":false,"polemica":false,"objeto":"","complementar":false,"ementa":"Solicitamos \u00e0 Mesa, ouvido o Plen\u00e1rio e cumpridas as formalidades legais e regimentais, que seja formulado um APELO a Exm\u00aa Sr\u00aa Prefeita do Munic\u00edpio \u2013 Ros\u00e2ngela de Moura Mani\u00e7oba Novaes Ferraz,  para que atrav\u00e9s da Secretaria Municipal de Planejamento, Obras e Servi\u00e7os P\u00fablicos, viabilize a reposi\u00e7\u00e3o do cal\u00e7amento na Rua Jo\u00e3o Xavier, no Bairro das Caraibeiras.","indexacao":"","observacao":"","resultado":"","texto_original":"http://sapl.floresta.pe.leg.br/media/sapl/public/materialegislativa/2022/5565/pedido_de_providencia_n_114-2022.pdf","data_ultima_atualizacao":"2023-01-18T09:27:22.502550-03:00","ip":"45.238.91.120","ultima_edicao":"2023-01-17T11:43:14.389001-03:00","tipo":21,"regime_tramitacao":1,"tipo_origem_externa":null,"local_origem_externa":null,"user":38,"anexadas":[],"autores":[40]}