{"id":5653,"__str__":"Indica\u00e7\u00e3o n\u00ba 3 de 2023","link_detail_backend":"/materia/5653","metadata":{},"numero":3,"ano":2023,"numero_protocolo":null,"data_apresentacao":"2023-03-08","tipo_apresentacao":"","data_publicacao":null,"numero_origem_externa":"","ano_origem_externa":null,"data_origem_externa":null,"apelido":"","dias_prazo":null,"data_fim_prazo":null,"em_tramitacao":true,"polemica":false,"objeto":"","complementar":false,"ementa":"Indico \u00e0 Mesa, ouvido o Plen\u00e1rio e cumpridas as formalidades legais e regimentais, que seja formulado apelo a Excelent\u00edssima Senhora Prefeita - Ros\u00e2ngela de Moura Mani\u00e7oba Novaes Ferraz -, no sentido de instituir, na forma da Lei, a Guarda Municipal de Floresta.","indexacao":"","observacao":"","resultado":"","texto_original":"http://sapl.floresta.pe.leg.br/media/sapl/public/materialegislativa/2023/5653/indicacao_n_03-2023.pdf","data_ultima_atualizacao":"2023-03-21T12:23:32.722562-03:00","ip":"45.238.90.160","ultima_edicao":"2023-03-21T12:23:32.542496-03:00","tipo":8,"regime_tramitacao":1,"tipo_origem_externa":null,"local_origem_externa":null,"user":38,"anexadas":[],"autores":[30]}