{"id":577,"__str__":"Mo\u00e7\u00e3o n\u00ba 3 de 2013","link_detail_backend":"/materia/577","metadata":{},"numero":3,"ano":2013,"numero_protocolo":null,"data_apresentacao":"2013-04-01","tipo_apresentacao":"E","data_publicacao":null,"numero_origem_externa":"","ano_origem_externa":null,"data_origem_externa":null,"apelido":"","dias_prazo":null,"data_fim_prazo":null,"em_tramitacao":false,"polemica":null,"objeto":"","complementar":null,"ementa":"MOVEMOS \u00c0 MESA, AP\u00d3S OUVIDO O PLEN\u00c1RIO DE CUMPRIDAS AS FORMALIDADES LEGAIS E REGIMENTAIS, QUE SEJA CONSIGNADO NA ATA DOS TRABALHOS DESTA CASA LEGISLATIVA, UM VOTO DE APLAUSO AO JOVEM FL\u00c1VIO LARANJEIRA FERRAZ SEGUNDO, PELO LAUREL CONQUISTADO NA UNIVASF - UNIVERSIDADE FEDERAL DO VALE DO S\u00c3O FRANCISCO, CURSO DE ENFERMAGEM, EM PETROLINA-PE.","indexacao":"VOTO DE APLAUSO\r\nFL\u00c1VIO LARANJEIRA FERRAZ SEGUNDO","observacao":"","resultado":"","texto_original":"http://sapl.floresta.pe.leg.br/media/sapl/public/materialegislativa/2013/577/577_texto_integral.pdf","data_ultima_atualizacao":"2018-09-28T15:14:18.288956-03:00","ip":"","ultima_edicao":null,"tipo":7,"regime_tramitacao":1,"tipo_origem_externa":null,"local_origem_externa":null,"user":null,"anexadas":[],"autores":[5,8,12,3,10,4,13,6]}