{"id":6152,"__str__":"Autografo n\u00ba 72 de 2023","link_detail_backend":"/materia/6152","metadata":{},"numero":72,"ano":2023,"numero_protocolo":null,"data_apresentacao":"2023-11-14","tipo_apresentacao":"","data_publicacao":null,"numero_origem_externa":"","ano_origem_externa":null,"data_origem_externa":null,"apelido":"","dias_prazo":null,"data_fim_prazo":null,"em_tramitacao":false,"polemica":false,"objeto":"","complementar":false,"ementa":"Altera a reda\u00e7\u00e3o da Lei Municipal n\u00b0 837/2020, que \"Modifica o Regime Pr\u00f3prio de Previd\u00eancia Social do Munic\u00edpio de Floresta\" e da Lei Municipal n\u00b0 355/2007, que \"reestrutura o Regime Pr\u00f3prio de Previd\u00eancia Social de Floresta\", e d\u00e1 outras provid\u00eancias.","indexacao":"","observacao":"","resultado":"","texto_original":"http://sapl.floresta.pe.leg.br/media/sapl/public/materialegislativa/2023/6152/autografo_n_72-2023.pdf","data_ultima_atualizacao":"2023-11-14T09:11:49.289727-03:00","ip":"45.238.89.129","ultima_edicao":"2023-11-14T09:08:14.241138-03:00","tipo":10,"regime_tramitacao":1,"tipo_origem_externa":null,"local_origem_externa":null,"user":38,"anexadas":[],"autores":[]}