{"id":6342,"__str__":"Parecer de Comiss\u00e3o de Constitui\u00e7\u00e3o, Justi\u00e7a e Red n\u00ba 26 de 2024","link_detail_backend":"/materia/6342","metadata":{},"numero":26,"ano":2024,"numero_protocolo":null,"data_apresentacao":"2024-04-17","tipo_apresentacao":"","data_publicacao":null,"numero_origem_externa":"","ano_origem_externa":null,"data_origem_externa":null,"apelido":"","dias_prazo":null,"data_fim_prazo":null,"em_tramitacao":false,"polemica":false,"objeto":"","complementar":false,"ementa":"Da Comiss\u00e3o de Constitui\u00e7\u00e3o, Justi\u00e7a e Reda\u00e7\u00e3o ao Projeto de Lei no\u00ba 19/2024 do Vereador Pedro Henrique Novaes de Sousa Lira, o qual \u201cFica denominada de GERALDO FREIRE DA SILVA a Rua Projetada 01, localizada no Bairro S\u00e3o Francisco de Assis/DNER\u201d.","indexacao":"","observacao":"","resultado":"","texto_original":"http://sapl.floresta.pe.leg.br/media/sapl/public/materialegislativa/2024/6342/parecer_de_justica_n_26-2024.pdf","data_ultima_atualizacao":"2024-04-19T09:51:18.022870-03:00","ip":"45.238.88.39","ultima_edicao":"2024-04-19T09:51:17.850288-03:00","tipo":13,"regime_tramitacao":1,"tipo_origem_externa":null,"local_origem_externa":null,"user":38,"anexadas":[],"autores":[23]}