{"id":6349,"__str__":"Parecer de Comiss\u00e3o de Constitui\u00e7\u00e3o, Justi\u00e7a e Red n\u00ba 33 de 2024","link_detail_backend":"/materia/6349","metadata":{},"numero":33,"ano":2024,"numero_protocolo":null,"data_apresentacao":"2024-04-17","tipo_apresentacao":"","data_publicacao":null,"numero_origem_externa":"","ano_origem_externa":null,"data_origem_externa":null,"apelido":"","dias_prazo":null,"data_fim_prazo":null,"em_tramitacao":false,"polemica":false,"objeto":"","complementar":false,"ementa":"Da Comiss\u00e3o de Constitui\u00e7\u00e3o, Justi\u00e7a e Reda\u00e7\u00e3o ao Projeto de Lei no\u00ba 27/2024 dos Vereadores Victor Laert dos Santos S\u00e1, Marcos Ant\u00f4nio de Carvalho e Severino Ferraz Diniz Carvalho, o qual \u201cFica denominada de ABRAH\u00c3O LOPES DINIZ BARROS a Rua Projetada 23, localizada no Loteamento Rocha Bela Floresta\u201d.","indexacao":"","observacao":"","resultado":"","texto_original":"http://sapl.floresta.pe.leg.br/media/sapl/public/materialegislativa/2024/6349/parecer_de_justica_n_33-2024.pdf","data_ultima_atualizacao":"2024-04-19T10:06:56.043072-03:00","ip":"45.238.88.39","ultima_edicao":"2024-04-19T10:06:55.902539-03:00","tipo":13,"regime_tramitacao":1,"tipo_origem_externa":null,"local_origem_externa":null,"user":38,"anexadas":[],"autores":[23]}