{"id":6410,"__str__":"Parecer de Comiss\u00e3o de Constitui\u00e7\u00e3o, Justi\u00e7a e Red n\u00ba 44 de 2024","link_detail_backend":"/materia/6410","metadata":{},"numero":44,"ano":2024,"numero_protocolo":null,"data_apresentacao":"2024-05-15","tipo_apresentacao":"","data_publicacao":null,"numero_origem_externa":"","ano_origem_externa":null,"data_origem_externa":null,"apelido":"","dias_prazo":null,"data_fim_prazo":null,"em_tramitacao":false,"polemica":false,"objeto":"","complementar":false,"ementa":"Da Comiss\u00e3o de Constitui\u00e7\u00e3o, Justi\u00e7a e Reda\u00e7\u00e3o ao Projeto de Lei n\u00ba 80/2023, do vereador Victor Laert dos Santos, o qual \u201cFica institu\u00eddo o PROGRAMA DE EDUCA\u00c7\u00c3O ANTIRRACISTA no \u00e2mbito do munic\u00edpio de Floresta/PE\u201d.","indexacao":"","observacao":"","resultado":"","texto_original":"http://sapl.floresta.pe.leg.br/media/sapl/public/materialegislativa/2024/6410/parecer_de_justica_n_44-2024.pdf","data_ultima_atualizacao":"2024-05-21T16:20:09.077242-03:00","ip":"177.53.147.180","ultima_edicao":"2024-05-21T16:20:08.629108-03:00","tipo":13,"regime_tramitacao":1,"tipo_origem_externa":null,"local_origem_externa":null,"user":38,"anexadas":[],"autores":[23]}