{"id":6604,"__str__":"Requerimento n\u00ba 6 de 2025","link_detail_backend":"/materia/6604","metadata":{},"numero":6,"ano":2025,"numero_protocolo":null,"data_apresentacao":"2025-02-12","tipo_apresentacao":"","data_publicacao":null,"numero_origem_externa":"","ano_origem_externa":null,"data_origem_externa":null,"apelido":"","dias_prazo":null,"data_fim_prazo":null,"em_tramitacao":false,"polemica":false,"objeto":"","complementar":false,"ementa":"Requeiro \u00e0 Mesa, ouvido o Plen\u00e1rio e cumpridas as formalidades legais e regimentais, que seja formulado Voto de Pesar \u00e0 senhora Marluce Carvalho e fam\u00edlia, pelo falecimento do Sr. Valmir Cala\u00e7a, conhecido como \u201cChapada.\u201d","indexacao":"","observacao":"","resultado":"","texto_original":"http://sapl.floresta.pe.leg.br/media/sapl/public/materialegislativa/2025/6604/requerimento_n_06-2025.pdf","data_ultima_atualizacao":"2025-02-17T13:18:56.584129-03:00","ip":"45.238.88.47","ultima_edicao":"2025-02-17T13:16:30.829251-03:00","tipo":3,"regime_tramitacao":1,"tipo_origem_externa":null,"local_origem_externa":null,"user":38,"anexadas":[],"autores":[37]}