{"id":6705,"__str__":"Indica\u00e7\u00e3o n\u00ba 14 de 2025","link_detail_backend":"/materia/6705","metadata":{},"numero":14,"ano":2025,"numero_protocolo":null,"data_apresentacao":"2025-04-02","tipo_apresentacao":"","data_publicacao":null,"numero_origem_externa":"","ano_origem_externa":null,"data_origem_externa":null,"apelido":"","dias_prazo":null,"data_fim_prazo":null,"em_tramitacao":true,"polemica":false,"objeto":"","complementar":false,"ementa":"Indico \u00e0 Mesa, ap\u00f3s o ouvido o Plen\u00e1rio e cumpridas as formalidades legais e regimentais, que seja formulado apelo a Exma. Sra. Prefeita, Ros\u00e2ngela de Moura Mani\u00e7oba Novaes Ferraz, no sentido de regulamentar o embarque e desembarque de passageiros no TRANSPORTE COLETIVO \u2013 Vans - no Munic\u00edpio, com o seu efetivo funcionamento no local a ele destinado - Terminal Rodovi\u00e1rio de Floresta.","indexacao":"","observacao":"","resultado":"","texto_original":"http://sapl.floresta.pe.leg.br/media/sapl/public/materialegislativa/2025/6705/indicacao_n_14-2025.pdf","data_ultima_atualizacao":"2025-05-12T12:50:05.705929-03:00","ip":"45.238.88.45","ultima_edicao":"2025-04-03T09:06:48.678410-03:00","tipo":8,"regime_tramitacao":1,"tipo_origem_externa":null,"local_origem_externa":null,"user":38,"anexadas":[],"autores":[36]}