{"id":6813,"__str__":"Mo\u00e7\u00e3o n\u00ba 3 de 2025","link_detail_backend":"/materia/6813","metadata":{},"numero":3,"ano":2025,"numero_protocolo":null,"data_apresentacao":"2025-05-21","tipo_apresentacao":"","data_publicacao":null,"numero_origem_externa":"","ano_origem_externa":null,"data_origem_externa":null,"apelido":"","dias_prazo":null,"data_fim_prazo":null,"em_tramitacao":false,"polemica":false,"objeto":"","complementar":false,"ementa":"Movemos \u00e0 Mesa, ouvido o Plen\u00e1rio e cumpridas as formalidades legais e regimentais, que seja consignada na ata dos trabalhos desta Casa Legislativa, MO\u00c7\u00c3O DE APLAUSO ao Sr. S\u00e9rgio Lu\u00eds de Carvalho Xavier, atual Coordenador Executivo do F\u00f3rum Brasileiro de Mudan\u00e7a do Clima e ex-Secret\u00e1rio de Meio Ambiente de Pernambuco, pela indica\u00e7\u00e3o entre os 30 enviados especiais \u00e0 COP30, confer\u00eancia global de clima, que ocorrer\u00e1 em Bel\u00e9m-PA, no m\u00eas de novembro.","indexacao":"","observacao":"","resultado":"","texto_original":"http://sapl.floresta.pe.leg.br/media/sapl/public/materialegislativa/2025/6813/mocao_n_03-2025.pdf","data_ultima_atualizacao":"2025-07-08T11:51:46.556566-03:00","ip":"45.238.88.56","ultima_edicao":"2025-05-30T10:15:49.120200-03:00","tipo":7,"regime_tramitacao":1,"tipo_origem_externa":null,"local_origem_externa":null,"user":38,"anexadas":[],"autores":[44]}