{"id":6855,"__str__":"Indica\u00e7\u00e3o n\u00ba 31 de 2025","link_detail_backend":"/materia/6855","metadata":{},"numero":31,"ano":2025,"numero_protocolo":null,"data_apresentacao":"2025-06-11","tipo_apresentacao":"","data_publicacao":null,"numero_origem_externa":"","ano_origem_externa":null,"data_origem_externa":null,"apelido":"","dias_prazo":null,"data_fim_prazo":null,"em_tramitacao":true,"polemica":false,"objeto":"","complementar":false,"ementa":"Indico \u00e0 Mesa, ap\u00f3s o ouvido o Plen\u00e1rio e cumpridas as formalidades legais e regimentais, que seja formulado apelo a Excelent\u00edssima Senhora Prefeita \u2013 Ros\u00e2ngela de Moura Mani\u00e7oba Novaes Ferraz \u2013 no sentido de viabilizar a ELABORA\u00c7\u00c3O DE PROJETO VISANDO \u00c0 INSTALA\u00c7\u00c3O DE ENERGIA FOTOVOLTAICA \u2013 ENERGIA SOLAR \u2013 EM TODA A ILUMINA\u00c7\u00c3O P\u00daBLICA DE FLORESTA, QUE COMPETE AO MUNIC\u00cdPIO.","indexacao":"","observacao":"","resultado":"","texto_original":"http://sapl.floresta.pe.leg.br/media/sapl/public/materialegislativa/2025/6855/indicacao_n_31-2025.pdf","data_ultima_atualizacao":"2025-07-07T09:59:48.343780-03:00","ip":"45.238.88.56","ultima_edicao":"2025-06-12T13:21:20.106518-03:00","tipo":8,"regime_tramitacao":1,"tipo_origem_externa":null,"local_origem_externa":null,"user":38,"anexadas":[],"autores":[36]}