{"id":6858,"__str__":"Pedido de Provid\u00eancia  n\u00ba 37 de 2025","link_detail_backend":"/materia/6858","metadata":{},"numero":37,"ano":2025,"numero_protocolo":null,"data_apresentacao":"2025-06-11","tipo_apresentacao":"","data_publicacao":null,"numero_origem_externa":"","ano_origem_externa":null,"data_origem_externa":null,"apelido":"","dias_prazo":null,"data_fim_prazo":null,"em_tramitacao":false,"polemica":false,"objeto":"","complementar":false,"ementa":"Solicito \u00e0 Mesa, ouvido o Plen\u00e1rio e cumpridas as formalidades legais e regimentais, que seja formulado apelo a Excelent\u00edssima Prefeita \u2013 Ros\u00e2ngela de Moura Mani\u00e7oba Novaes Ferraz \u2013, atrav\u00e9s do \u00f3rg\u00e3o respons\u00e1vel, que realize a pintura/restaura\u00e7\u00e3o das ciclofaixas, faixas de pedestres e sinaliza\u00e7\u00f5es de solo, tendo em vista a seguran\u00e7a e o respeito \u00e0s normas de tr\u00e2nsito.","indexacao":"","observacao":"","resultado":"","texto_original":"http://sapl.floresta.pe.leg.br/media/sapl/public/materialegislativa/2025/6858/pedido_de_providencia_n_37-2025.pdf","data_ultima_atualizacao":"2025-07-08T11:57:49.840879-03:00","ip":"45.238.88.56","ultima_edicao":"2025-06-12T13:19:59.734191-03:00","tipo":21,"regime_tramitacao":1,"tipo_origem_externa":null,"local_origem_externa":null,"user":38,"anexadas":[],"autores":[56]}