{"id":6860,"__str__":"Requerimento n\u00ba 39 de 2025","link_detail_backend":"/materia/6860","metadata":{},"numero":39,"ano":2025,"numero_protocolo":null,"data_apresentacao":"2025-06-17","tipo_apresentacao":"","data_publicacao":null,"numero_origem_externa":"","ano_origem_externa":null,"data_origem_externa":null,"apelido":"","dias_prazo":null,"data_fim_prazo":null,"em_tramitacao":false,"polemica":false,"objeto":"","complementar":false,"ementa":"Requeiro \u00e0 Mesa, ouvido o Plen\u00e1rio e cumpridas as formalidades legais e regimentais, que seja formulado apelo \u00e0 Senhora Secret\u00e1ria Municipal de Educa\u00e7\u00e3o, Cultura, Turismo e Esportes - Gleyce Taiana Nunes de Carvalho, no sentido de prestar os esclarecimentos acerca da den\u00fancia feita pela m\u00e3e de uma CRIAN\u00c7A AUTISTA, por n\u00e3o ter sido aceita na sala de aula, em virtude de sua condi\u00e7\u00e3o relacionada ao referido transtorno.","indexacao":"","observacao":"","resultado":"","texto_original":"http://sapl.floresta.pe.leg.br/media/sapl/public/materialegislativa/2025/6860/requerimento_n_39-2025.pdf","data_ultima_atualizacao":"2025-07-04T10:50:58.891079-03:00","ip":"45.238.88.32","ultima_edicao":"2025-06-18T12:47:48.967613-03:00","tipo":3,"regime_tramitacao":1,"tipo_origem_externa":null,"local_origem_externa":null,"user":38,"anexadas":[],"autores":[11]}