{"id":6900,"__str__":"Parecer de Comiss\u00e3o de Constitui\u00e7\u00e3o, Justi\u00e7a e Red n\u00ba 51 de 2025","link_detail_backend":"/materia/6900","metadata":{},"numero":51,"ano":2025,"numero_protocolo":null,"data_apresentacao":"2025-08-06","tipo_apresentacao":"","data_publicacao":null,"numero_origem_externa":"","ano_origem_externa":null,"data_origem_externa":null,"apelido":"","dias_prazo":null,"data_fim_prazo":null,"em_tramitacao":false,"polemica":false,"objeto":"","complementar":false,"ementa":"Da Comiss\u00e3o de Constitui\u00e7\u00e3o, Justi\u00e7a e Reda\u00e7\u00e3o ao Projeto de Lei n\u00ba 34/202, do Vereador T\u00falio Vin\u00edcius de S\u00e1 Laranjeira Ferraz, o qual \u201cINSTITUI A POL\u00cdTICA MUNICIPAL DE FOMENTO \u00c0 AGROPECU\u00c1RIA NO MUNIC\u00cdPIO DE FLORESTA \u2013 PE, VISANDO AO DESENVOLVIMENTO SUSTENT\u00c1VEL DA ATIVIDADE ECON\u00d4MICA E DAS CADEIAS E ARRANJOS PRODUTIVOS LOCAIS QUE INTEGRAM E SE RELACIONAM COM O ECOSSISTEMA AGROPECU\u00c1RIO\u201d.","indexacao":"","observacao":"","resultado":"","texto_original":"http://sapl.floresta.pe.leg.br/media/sapl/public/materialegislativa/2025/6900/parecer_de_justica_n_51-2025.pdf","data_ultima_atualizacao":"2025-08-07T09:13:01.755133-03:00","ip":"45.238.88.46","ultima_edicao":"2025-08-07T09:13:01.596621-03:00","tipo":13,"regime_tramitacao":1,"tipo_origem_externa":null,"local_origem_externa":null,"user":38,"anexadas":[],"autores":[23]}