{"id":692,"__str__":"Indica\u00e7\u00e3o n\u00ba 72 de 2013","link_detail_backend":"/materia/692","metadata":{},"numero":72,"ano":2013,"numero_protocolo":null,"data_apresentacao":"2013-11-12","tipo_apresentacao":"E","data_publicacao":null,"numero_origem_externa":"","ano_origem_externa":null,"data_origem_externa":null,"apelido":"","dias_prazo":null,"data_fim_prazo":null,"em_tramitacao":false,"polemica":null,"objeto":"","complementar":null,"ementa":"INDICO \u00c0 MESA, OUVIDO O PLEN\u00c1RIO E CUMPRIDAS AS FORMALIDADES REGIMENTAIS, SEJA FORMULADO APELO \u00c0 EXM\u00aa SR\u00aa. PREFEITA &#8211; ROS\u00c2NGELA DE MOURA MANI\u00c7OBA NOVAES FERRAZ, NO SENTIDO DE REPASSAR PARTE DOS RECURSOS DE ICMS ECOL\u00d3GICO AOS PROPRIET\u00c1RIOS DE RPPN &#8211; RESERVA PARTICULAR DO PATRIM\u00d4NIO NATURAL &#8211; DO NOSSO MUNIC\u00cdPIO.","indexacao":"RECURSOS\r\nICMS ECOL\u00d3GICO\r\nPROPRIET\u00c1RIOS DE RPPN","observacao":"","resultado":"","texto_original":"http://sapl.floresta.pe.leg.br/media/sapl/public/materialegislativa/2013/692/692_texto_integral.pdf","data_ultima_atualizacao":"2018-09-28T15:14:17.249475-03:00","ip":"","ultima_edicao":null,"tipo":8,"regime_tramitacao":1,"tipo_origem_externa":null,"local_origem_externa":null,"user":null,"anexadas":[],"autores":[4]}