{"id":7308,"__str__":"Parecer da Comiss\u00e3o de Finan\u00e7as e Or\u00e7amento n\u00ba 8 de 2026","link_detail_backend":"/materia/7308","metadata":{},"numero":8,"ano":2026,"numero_protocolo":null,"data_apresentacao":"2026-03-18","tipo_apresentacao":"","data_publicacao":null,"numero_origem_externa":"","ano_origem_externa":null,"data_origem_externa":null,"apelido":"","dias_prazo":null,"data_fim_prazo":null,"em_tramitacao":false,"polemica":false,"objeto":"","complementar":false,"ementa":"Da Comiss\u00e3o de Finan\u00e7as e Or\u00e7amento, ao Projeto de Lei n\u00ba 13/2026, do Executivo Municipal, o qual \u201cABRE NO OR\u00c7AMENTO VIGENTE CR\u00c9DITO ADICIONAL ESPECIAL, E D\u00c1 OUTRAS PROVID\u00caNCIAS \".","indexacao":"","observacao":"","resultado":"","texto_original":"http://sapl.floresta.pe.leg.br/media/sapl/public/materialegislativa/2026/7308/parecer_no_08-2026_-_comissao_de_f.o.pdf","data_ultima_atualizacao":"2026-03-23T08:57:20.982776-03:00","ip":"45.238.88.56","ultima_edicao":"2026-03-23T08:57:20.854111-03:00","tipo":14,"regime_tramitacao":1,"tipo_origem_externa":null,"local_origem_externa":null,"user":31,"anexadas":[],"autores":[21]}